{"id":43000,"date":"2026-08-20T09:06:04","date_gmt":"2026-08-20T07:06:04","guid":{"rendered":"https:\/\/www.looks.film\/?p=43000"},"modified":"2026-08-20T10:03:38","modified_gmt":"2026-08-20T08:03:38","slug":"die-letzten-tage-von-kabul","status":"publish","type":"post","link":"https:\/\/www.looks.film\/de\/die-letzten-tage-von-kabul\/","title":{"rendered":"DIE LETZTEN TAGE VON KABUL"},"content":{"rendered":"<div class=\"wpb-content-wrapper\"><p>[vc_row full_width=&#8220;stretch_row_content&#8220; full_height=&#8220;yes&#8220; css_animation=&#8220;none&#8220; parallax=&#8220;content-moving-fade&#8220; parallax_image=&#8220;43002&#8243; css=&#8220;.vc_custom_1787208445420{background-position: center;background-repeat: no-repeat !important;background-size: cover !important;}&#8220;][vc_column][\/vc_column][\/vc_row][vc_row full_width=&#8220;stretch_row_content&#8220; thegem_row_overflow=&#8220;visible&#8220; disable_custom_paddings_mobile=&#8220;true&#8220; css=&#8220;.vc_custom_1722006764793{padding-top: 35px !important;}&#8220;][vc_column width=&#8220;2\/3&#8243; disable_custom_paddings_mobile=&#8220;true&#8220; css=&#8220;.vc_custom_1591600711648{padding-left: 70px !important;}&#8220;][vc_column_text css=&#8220;&#8220;]<span style=\"color: #00263e;\"><span style=\"color: #00263e;\"><span class=\"dtable--txt\">2026 | Dokumentation | 3&#215;60<span class=\"sep-item\">\u2018<br \/>\n<\/span><\/span><\/span><\/span>[\/vc_column_text][vc_empty_space height=&#8220;20px&#8220;][vc_column_text css=&#8220;&#8220;]<\/p>\n<h1><span style=\"color: #003366;\">DIE LETZTEN TAGE VON KABUL<\/span><\/h1>\n<p>[\/vc_column_text][vc_empty_space height=&#8220;10px&#8220;][\/vc_column][vc_column width=&#8220;1\/3&#8243;][vc_column_text css=&#8220;&#8220;]<\/p>\n<div><span style=\"color: #003366;\"><strong>VoD<\/strong><\/span><\/div>\n<p><span style=\"color: #003366;\"><i class=\"wp-svg-play-3 play-3\"><\/i> <a style=\"color: #003366;\" href=\"https:\/\/www.arte.tv\/de\/videos\/RC-028070\/die-letzten-tage-von-kabul\/\">Arte Mediathek<\/a><\/span>[\/vc_column_text][\/vc_column][\/vc_row][vc_row full_width=&#8220;stretch_row_content_no_spaces&#8220; equal_height=&#8220;yes&#8220; css=&#8220;.vc_custom_1592215524041{margin-top: 0px !important;}&#8220;][vc_column width=&#8220;2\/3&#8243; disable_custom_paddings_mobile=&#8220;true&#8220; css=&#8220;.vc_custom_1588327151504{margin-bottom: 0px !important;padding-right: 50px !important;padding-left: 70px !important;}&#8220;][vc_column_text css=&#8220;&#8220;]Im August 2021 \u00fcbernehmen die Taliban erneut die Kontrolle \u00fcber Afghanistan. Das milliardenschwere, internationale Stabilisierungsvorhaben bricht mit dem schnellen Abzug ausl\u00e4ndischer Truppen innerhalb weniger Tage zusammen.<\/p>\n<p>Zwei Jahrzehnte zuvor hatte eine US-gef\u00fchrte Koalition nach den Anschl\u00e4gen vom 11. September das Taliban-Regime gest\u00fcrzt und eine neue \u00c4ra von Demokratie, Frieden und Menschenrechten angek\u00fcndigt.<\/p>\n<p>Die dreiteilige Dokumentarserie \u201eDie Letzten Tage von Kabul\u201c blickt auf zwanzig Jahre Krieg in Afghanistan zur\u00fcck und fragt: Was ist schiefgelaufen?<\/p>\n<p>Im Zentrum stehen Menschen aus Afghanistan, sowie Entscheidungstr\u00e4ger, darunter Ex-Pr\u00e4sident Ashraf Ghani, dessen Flucht den Fall Kabuls einl\u00e4utete. Erg\u00e4nzt wird dies durch Berichte von Zivilisten, Journalisten, Frauenrechtsaktivisten, ehemaligen Ministern, Geheimdienstchefs sowie Ex-Vizepr\u00e4sident Abdul Raschid Dostum. Erstmals schildert ein Gr\u00fcndungsmitglied der Taliban die Geschichte und Ideologie der Bewegung sowie ihren Weg zur\u00fcck zur Macht. Auch US- und NATO-Kommandeure, CIA-Mitarbeiter und hochrangige Diplomaten wie Douglas Lute sowie Zalmay Khalilzad, der das Doha-Abkommen mit den Taliban verhandelte, kommen zu Wort.<\/p>\n<p>Die Serie rekonstruiert anhand pers\u00f6nlicher Geschichten und umfangreichen Archivmaterials zwei Jahrzehnte Konflikt. Sie beleuchtet die Ursachen f\u00fcr das Scheitern \u2013 darunter Vers\u00e4umnisse, Korruption und gebrochene Versprechen. Gedreht in f\u00fcnf L\u00e4ndern auf drei Kontinenten macht \u201eDie Letzten Tage von Kabul\u201c eindr\u00fccklich klar, warum Afghanistan nicht in Vergessenheit geraten darf.<\/p>\n<p>Foto: Farahnaz Forotan Feldmission \u00a9Farahnaz Forotan_Pressefoto[\/vc_column_text][vc_empty_space height=&#8220;20px&#8220;][\/vc_column][vc_column width=&#8220;1\/3&#8243; disable_custom_paddings_mobile=&#8220;true&#8220; css=&#8220;.vc_custom_1590585294391{padding-right: 70px !important;padding-left: 60px !important;}&#8220;][vc_column_text css=&#8220;&#8220;][\/vc_column_text][vc_empty_space height=&#8220;20px&#8220;][vc_column_text css=&#8220;&#8220;]<strong>Distribution<br \/>\n<\/strong>Bettina Offermann<br \/>\n<a href=\"mailto:distribution@looks.film\"><u>distribution@looks.film<\/u><\/a><\/p>\n<p><strong>Produzent:innen<br \/>\n<\/strong>Regina Bouchehri<br \/>\nGunnar Dedio<br \/>\nBirgit Rasch<\/p>\n<p><strong>Eine Produktion von<\/strong><br \/>\nLOOKSfilm<\/p>\n<p><strong>In Koproduktion mit<\/strong><br \/>\nNDR<\/p>\n<p><strong>In Zusammenarbeit mit<br \/>\n<\/strong>Arte &amp; VPRO<\/p>\n<p><strong>Regie<br \/>\n<\/strong>Bence M\u00e1t\u00e9 &amp; Lucio Mollica<\/p>\n<p><strong>Drehbuch<br \/>\n<\/strong>Bence M\u00e1t\u00e9<br \/>\nLucio Mollica<br \/>\nMohammed Ali Naqvi<\/p>\n<p><strong>Creative Producer<\/strong><br \/>\nClara Georgi<\/p>\n<p><strong>Redaktion<br \/>\n<\/strong>Claudia Cellarius (NDR)<\/p>\n<p><strong>Produktionsleitung<br \/>\n<\/strong>Melanie Clausen (NDR)<br \/>\nJohannes W\u00fcnsch<\/p>\n<p><strong>Archive Producer<\/strong><br \/>\nLaura B\u00f6hme<\/p>\n<p><strong>Line Producer<\/strong><br \/>\nNathalie Dietrich<\/p>\n<p><strong>Post Production<br \/>\n<\/strong>Volker Schulze<br \/>\nKaren Bornkessel<br \/>\nMartin Ritter<\/p>\n<p><strong>Head of Production<\/strong><br \/>\nJens K\u00f6rner<\/p>\n<p><strong>Head of Creative Producing<\/strong><br \/>\nChristin Schutta<\/p>\n<p><strong>Filmmusik<\/strong><br \/>\nNils Kacirek<\/p>\n<p><strong>F\u00f6rderung<br \/>\n<\/strong>Mitteldeutsche Medienf\u00f6rderung, Medienboard Berlin-Brandenburg, GERMAN MOTION PICTURE FUND, BKM, Creative Europe MEDIA[\/vc_column_text][vc_empty_space height=&#8220;20px&#8220;][\/vc_column][\/vc_row][vc_row full_width=&#8220;stretch_row_content&#8220; full_height=&#8220;yes&#8220;][vc_column disable_custom_paddings_mobile=&#8220;true&#8220; css=&#8220;.vc_custom_1719929099639{padding-left: 70px !important;}&#8220;][\/vc_column][\/vc_row]<\/p>\n<\/div>","protected":false},"excerpt":{"rendered":"<p>[vc_row&#8230;<\/p>\n","protected":false},"author":1,"featured_media":43002,"comment_status":"closed","ping_status":"closed","sticky":false,"template":"","format":"standard","meta":{"footnotes":""},"categories":[160,159,200,194],"tags":[],"yoast_head":"<!-- This site is optimized with the Yoast SEO plugin v22.9 - https:\/\/yoast.com\/wordpress\/plugins\/seo\/ -->\n<title>DIE LETZTEN TAGE VON KABUL - LOOKSfilm<\/title>\n<meta name=\"description\" content=\"Die dreiteilige Serie rekonstruiert zwanzig Jahre Krieg in Afghanistan \u2013 erz\u00e4hlt von Afghaninnen und Afghanen, Taliban, Milit\u00e4rs und Diplomaten beider Seiten.\" \/>\n<meta name=\"robots\" content=\"index, follow, max-snippet:-1, max-image-preview:large, max-video-preview:-1\" \/>\n<link rel=\"canonical\" href=\"https:\/\/www.looks.film\/de\/die-letzten-tage-von-kabul\/\" \/>\n<meta property=\"og:locale\" content=\"de_DE\" \/>\n<meta property=\"og:type\" content=\"article\" \/>\n<meta property=\"og:title\" content=\"VIETNAM. GEBURT EINER NATION\" \/>\n<meta property=\"og:description\" content=\"Die vierteilige Serie erz\u00e4hlt den Weg Vietnams durch Krieg und Frieden bis zum heutigen Tag aus einer neuen Perspektive.\" \/>\n<meta property=\"og:url\" content=\"https:\/\/www.looks.film\/de\/die-letzten-tage-von-kabul\/\" \/>\n<meta property=\"og:site_name\" content=\"LOOKSfilm\" \/>\n<meta property=\"article:published_time\" content=\"2026-08-20T07:06:04+00:00\" \/>\n<meta property=\"article:modified_time\" content=\"2026-08-20T08:03:38+00:00\" \/>\n<meta property=\"og:image\" content=\"https:\/\/www.looks.film\/wp-content\/uploads\/2025\/05\/VIETNAM-Website-Key-Visual-scaled.jpg\" \/>\n\t<meta property=\"og:image:width\" content=\"2560\" \/>\n\t<meta property=\"og:image:height\" content=\"1298\" \/>\n\t<meta property=\"og:image:type\" content=\"image\/jpeg\" \/>\n<meta name=\"author\" content=\"looksfilm\" \/>\n<meta name=\"twitter:card\" content=\"summary_large_image\" \/>\n<meta name=\"twitter:image\" content=\"https:\/\/looks.film\/wp-content\/uploads\/2025\/01\/WARUM-VERBRANNTE-OURY-JALLOH-clean-1024x576.jpg\" \/>\n<meta name=\"twitter:label1\" content=\"Verfasst von\" \/>\n\t<meta name=\"twitter:data1\" content=\"looksfilm\" \/>\n\t<meta name=\"twitter:label2\" content=\"Gesch\u00e4tzte Lesezeit\" \/>\n\t<meta name=\"twitter:data2\" content=\"3\u00a0Minuten\" \/>\n<script type=\"application\/ld+json\" class=\"yoast-schema-graph\">{\"@context\":\"https:\/\/schema.org\",\"@graph\":[{\"@type\":\"WebPage\",\"@id\":\"https:\/\/www.looks.film\/de\/die-letzten-tage-von-kabul\/\",\"url\":\"https:\/\/www.looks.film\/de\/die-letzten-tage-von-kabul\/\",\"name\":\"DIE LETZTEN TAGE VON KABUL - LOOKSfilm\",\"isPartOf\":{\"@id\":\"https:\/\/www.looks.film\/de\/#website\"},\"primaryImageOfPage\":{\"@id\":\"https:\/\/www.looks.film\/de\/die-letzten-tage-von-kabul\/#primaryimage\"},\"image\":{\"@id\":\"https:\/\/www.looks.film\/de\/die-letzten-tage-von-kabul\/#primaryimage\"},\"thumbnailUrl\":\"https:\/\/www.looks.film\/wp-content\/uploads\/2026\/08\/26-06-26-Kabul_KV_Landscape2560x1440.jpg\",\"datePublished\":\"2026-08-20T07:06:04+00:00\",\"dateModified\":\"2026-08-20T08:03:38+00:00\",\"author\":{\"@id\":\"https:\/\/www.looks.film\/de\/#\/schema\/person\/0ff031047657196e8a79dc4944aa55c3\"},\"description\":\"Die dreiteilige Serie rekonstruiert zwanzig Jahre Krieg in Afghanistan \u2013 erz\u00e4hlt von Afghaninnen und Afghanen, Taliban, Milit\u00e4rs und Diplomaten beider Seiten.\",\"breadcrumb\":{\"@id\":\"https:\/\/www.looks.film\/de\/die-letzten-tage-von-kabul\/#breadcrumb\"},\"inLanguage\":\"de\",\"potentialAction\":[{\"@type\":\"ReadAction\",\"target\":[\"https:\/\/www.looks.film\/de\/die-letzten-tage-von-kabul\/\"]}]},{\"@type\":\"ImageObject\",\"inLanguage\":\"de\",\"@id\":\"https:\/\/www.looks.film\/de\/die-letzten-tage-von-kabul\/#primaryimage\",\"url\":\"https:\/\/www.looks.film\/wp-content\/uploads\/2026\/08\/26-06-26-Kabul_KV_Landscape2560x1440.jpg\",\"contentUrl\":\"https:\/\/www.looks.film\/wp-content\/uploads\/2026\/08\/26-06-26-Kabul_KV_Landscape2560x1440.jpg\",\"width\":2560,\"height\":1440,\"caption\":\"Afghanische Journalistin Farahnaz Forotan\"},{\"@type\":\"BreadcrumbList\",\"@id\":\"https:\/\/www.looks.film\/de\/die-letzten-tage-von-kabul\/#breadcrumb\",\"itemListElement\":[{\"@type\":\"ListItem\",\"position\":1,\"name\":\"Startseite\",\"item\":\"https:\/\/www.looks.film\/de\/\"},{\"@type\":\"ListItem\",\"position\":2,\"name\":\"DIE LETZTEN TAGE VON KABUL\"}]},{\"@type\":\"WebSite\",\"@id\":\"https:\/\/www.looks.film\/de\/#website\",\"url\":\"https:\/\/www.looks.film\/de\/\",\"name\":\"LOOKSfilm\",\"description\":\"Film Production Company &amp; Distribution\",\"potentialAction\":[{\"@type\":\"SearchAction\",\"target\":{\"@type\":\"EntryPoint\",\"urlTemplate\":\"https:\/\/www.looks.film\/de\/?s={search_term_string}\"},\"query-input\":\"required name=search_term_string\"}],\"inLanguage\":\"de\"},{\"@type\":\"Person\",\"@id\":\"https:\/\/www.looks.film\/de\/#\/schema\/person\/0ff031047657196e8a79dc4944aa55c3\",\"name\":\"looksfilm\",\"url\":\"https:\/\/www.looks.film\/de\/author\/looksfilm\/\"}]}<\/script>\n<!-- \/ Yoast SEO plugin. -->","yoast_head_json":{"title":"DIE LETZTEN TAGE VON KABUL - LOOKSfilm","description":"Die dreiteilige Serie rekonstruiert zwanzig Jahre Krieg in Afghanistan \u2013 erz\u00e4hlt von Afghaninnen und Afghanen, Taliban, Milit\u00e4rs und Diplomaten beider Seiten.","robots":{"index":"index","follow":"follow","max-snippet":"max-snippet:-1","max-image-preview":"max-image-preview:large","max-video-preview":"max-video-preview:-1"},"canonical":"https:\/\/www.looks.film\/de\/die-letzten-tage-von-kabul\/","og_locale":"de_DE","og_type":"article","og_title":"VIETNAM. GEBURT EINER NATION","og_description":"Die vierteilige Serie erz\u00e4hlt den Weg Vietnams durch Krieg und Frieden bis zum heutigen Tag aus einer neuen Perspektive.","og_url":"https:\/\/www.looks.film\/de\/die-letzten-tage-von-kabul\/","og_site_name":"LOOKSfilm","article_published_time":"2026-08-20T07:06:04+00:00","article_modified_time":"2026-08-20T08:03:38+00:00","og_image":[{"width":2560,"height":1298,"url":"https:\/\/www.looks.film\/wp-content\/uploads\/2025\/05\/VIETNAM-Website-Key-Visual-scaled.jpg","type":"image\/jpeg"}],"author":"looksfilm","twitter_card":"summary_large_image","twitter_image":"https:\/\/looks.film\/wp-content\/uploads\/2025\/01\/WARUM-VERBRANNTE-OURY-JALLOH-clean-1024x576.jpg","twitter_misc":{"Verfasst von":"looksfilm","Gesch\u00e4tzte Lesezeit":"3\u00a0Minuten"},"schema":{"@context":"https:\/\/schema.org","@graph":[{"@type":"WebPage","@id":"https:\/\/www.looks.film\/de\/die-letzten-tage-von-kabul\/","url":"https:\/\/www.looks.film\/de\/die-letzten-tage-von-kabul\/","name":"DIE LETZTEN TAGE VON KABUL - LOOKSfilm","isPartOf":{"@id":"https:\/\/www.looks.film\/de\/#website"},"primaryImageOfPage":{"@id":"https:\/\/www.looks.film\/de\/die-letzten-tage-von-kabul\/#primaryimage"},"image":{"@id":"https:\/\/www.looks.film\/de\/die-letzten-tage-von-kabul\/#primaryimage"},"thumbnailUrl":"https:\/\/www.looks.film\/wp-content\/uploads\/2026\/08\/26-06-26-Kabul_KV_Landscape2560x1440.jpg","datePublished":"2026-08-20T07:06:04+00:00","dateModified":"2026-08-20T08:03:38+00:00","author":{"@id":"https:\/\/www.looks.film\/de\/#\/schema\/person\/0ff031047657196e8a79dc4944aa55c3"},"description":"Die dreiteilige Serie rekonstruiert zwanzig Jahre Krieg in Afghanistan \u2013 erz\u00e4hlt von Afghaninnen und Afghanen, Taliban, Milit\u00e4rs und Diplomaten beider Seiten.","breadcrumb":{"@id":"https:\/\/www.looks.film\/de\/die-letzten-tage-von-kabul\/#breadcrumb"},"inLanguage":"de","potentialAction":[{"@type":"ReadAction","target":["https:\/\/www.looks.film\/de\/die-letzten-tage-von-kabul\/"]}]},{"@type":"ImageObject","inLanguage":"de","@id":"https:\/\/www.looks.film\/de\/die-letzten-tage-von-kabul\/#primaryimage","url":"https:\/\/www.looks.film\/wp-content\/uploads\/2026\/08\/26-06-26-Kabul_KV_Landscape2560x1440.jpg","contentUrl":"https:\/\/www.looks.film\/wp-content\/uploads\/2026\/08\/26-06-26-Kabul_KV_Landscape2560x1440.jpg","width":2560,"height":1440,"caption":"Afghanische Journalistin Farahnaz Forotan"},{"@type":"BreadcrumbList","@id":"https:\/\/www.looks.film\/de\/die-letzten-tage-von-kabul\/#breadcrumb","itemListElement":[{"@type":"ListItem","position":1,"name":"Startseite","item":"https:\/\/www.looks.film\/de\/"},{"@type":"ListItem","position":2,"name":"DIE LETZTEN TAGE VON KABUL"}]},{"@type":"WebSite","@id":"https:\/\/www.looks.film\/de\/#website","url":"https:\/\/www.looks.film\/de\/","name":"LOOKSfilm","description":"Film Production Company &amp; Distribution","potentialAction":[{"@type":"SearchAction","target":{"@type":"EntryPoint","urlTemplate":"https:\/\/www.looks.film\/de\/?s={search_term_string}"},"query-input":"required name=search_term_string"}],"inLanguage":"de"},{"@type":"Person","@id":"https:\/\/www.looks.film\/de\/#\/schema\/person\/0ff031047657196e8a79dc4944aa55c3","name":"looksfilm","url":"https:\/\/www.looks.film\/de\/author\/looksfilm\/"}]}},"menu_order":0,"_links":{"self":[{"href":"https:\/\/www.looks.film\/de\/wp-json\/wp\/v2\/posts\/43000"}],"collection":[{"href":"https:\/\/www.looks.film\/de\/wp-json\/wp\/v2\/posts"}],"about":[{"href":"https:\/\/www.looks.film\/de\/wp-json\/wp\/v2\/types\/post"}],"author":[{"embeddable":true,"href":"https:\/\/www.looks.film\/de\/wp-json\/wp\/v2\/users\/1"}],"replies":[{"embeddable":true,"href":"https:\/\/www.looks.film\/de\/wp-json\/wp\/v2\/comments?post=43000"}],"version-history":[{"count":4,"href":"https:\/\/www.looks.film\/de\/wp-json\/wp\/v2\/posts\/43000\/revisions"}],"predecessor-version":[{"id":43011,"href":"https:\/\/www.looks.film\/de\/wp-json\/wp\/v2\/posts\/43000\/revisions\/43011"}],"wp:featuredmedia":[{"embeddable":true,"href":"https:\/\/www.looks.film\/de\/wp-json\/wp\/v2\/media\/43002"}],"wp:attachment":[{"href":"https:\/\/www.looks.film\/de\/wp-json\/wp\/v2\/media?parent=43000"}],"wp:term":[{"taxonomy":"category","embeddable":true,"href":"https:\/\/www.looks.film\/de\/wp-json\/wp\/v2\/categories?post=43000"},{"taxonomy":"post_tag","embeddable":true,"href":"https:\/\/www.looks.film\/de\/wp-json\/wp\/v2\/tags?post=43000"}],"curies":[{"name":"wp","href":"https:\/\/api.w.org\/{rel}","templated":true}]}}